{"id":2077,"date":"2024-06-11T23:56:49","date_gmt":"2024-06-11T23:56:49","guid":{"rendered":"https:\/\/www.gruppoamastra.it\/wp\/?p=2077"},"modified":"2024-06-11T23:58:43","modified_gmt":"2024-06-11T23:58:43","slug":"vitti-na-crozza","status":"publish","type":"post","link":"https:\/\/www.gruppoamastra.it\/wp\/blog\/2024\/06\/11\/vitti-na-crozza\/","title":{"rendered":"&#8220;Vitti &#8216;na crozza&#8221;"},"content":{"rendered":"<div class=\"content user-select-text\" tabindex=\"0\" role=\"heading\" aria-level=\"6\" aria-description=\"\" aria-label=\"Inviato da Copilot: &quot;Vitti 'na crozza&quot; \u00e8 una delle canzoni pi\u00f9 celebri della tradizione siciliana. Il titolo si traduce in &quot;Vidi un teschio&quot; e la canzone ha un tono malinconico e riflessivo[^5^]. La melodia fu composta da Franco Li Causi nel 1950, ma il testo \u00e8 di autore sconosciuto e risale a una data imprecisata[^5^]. La canzone fu registrata per la prima volta su disco nel 1951 dal tenore Michelangelo Verso[^1^].\n\nIl testo parla di un uomo che vede un teschio sopra una torre e, mosso dalla curiosit\u00e0, gli chiede di raccontare la sua storia. Il teschio risponde con dolore, rivelando di essere morto senza che nessuna campana suonasse per lui. La canzone riflette sul passare del tempo e sulla mortalit\u00e0, con un uomo anziano che riflette sui suoi anni passati e sulla morte che si avvicina[^4^].\n\nLa canzone \u00e8 anche un simbolo delle dure condizioni di vita nelle miniere di zolfo siciliane, dove i lavoratori affrontavano un lavoro estenuante e pericoloso[^6^]. &quot;Vitti 'na crozza&quot; \u00e8 diventata un emblema della cultura e della storia siciliana, esprimendo il dolore e la sofferenza di chi ha lavorato nelle miniere.\n\nEcco una parte del testo in siciliano e la sua traduzione in italiano:\n\n**Testo in Siciliano:**\nVitti na crozza supra lu cannuni\nfui curiuso e ci vossi spiare\nidda m\u2019arrispunniu cu gran duluri\nmurivi senza un tocco di campani\n\n**Traduzione in Italiano:**\nVidi un teschio sopra la torre\nEro curioso e volli domandargli\nLui mi rispose con gran dolore\nSono morto senza rintocchi di campane[^4^].\n\nLa canzone \u00e8 stata reinterpretata da molti artisti nel corso degli anni, mantenendo viva la sua potente espressione culturale.\"><\/p>\n<div class=\"ac-container ac-adaptiveCard has-image\">\n<div class=\"ac-textBlock\">\n<p style=\"text-align: justify;\">\u201cVitti &#8216;na crozza\u201d \u00e8 una delle canzoni pi\u00f9 celebri della tradizione siciliana. Il titolo si traduce in \u201cVidi un teschio\u201d e la canzone ha un tono malinconico e riflessivo. La melodia fu composta da Franco Li Causi nel 1950, ma il testo \u00e8 di autore sconosciuto e risale a una data imprecisata. La canzone fu registrata per la prima volta su disco nel 1951 dal tenore Michelangelo Verso.<\/p>\n<p style=\"text-align: justify;\">Il testo parla di un uomo che vede un teschio sopra una torre e, mosso dalla curiosit\u00e0, gli chiede di raccontare la sua storia. Il teschio risponde con dolore, rivelando di essere morto senza che nessuna campana suonasse per lui. La canzone riflette sul passare del tempo e sulla mortalit\u00e0, con un uomo anziano che riflette sui suoi anni passati e sulla morte che si avvicina.<\/p>\n<p style=\"text-align: justify;\">La canzone \u00e8 anche un simbolo delle dure condizioni di vita nelle miniere di zolfo siciliane, dove i lavoratori affrontavano un lavoro estenuante e pericoloso. \u201cVitti &#8216;na crozza\u201d \u00e8 diventata un emblema della cultura e della storia siciliana, esprimendo il dolore e la sofferenza di chi ha lavorato nelle miniere.<\/p>\n<p style=\"text-align: justify;\">Nel corso degli anni, <img loading=\"lazy\" decoding=\"async\" class=\"size-full wp-image-2078 alignright\" src=\"https:\/\/www.gruppoamastra.it\/wp\/wp-content\/uploads\/2024\/06\/Lirio.jpg\" alt=\"\" width=\"206\" height=\"206\" srcset=\"https:\/\/www.gruppoamastra.it\/wp\/wp-content\/uploads\/2024\/06\/Lirio.jpg 206w, https:\/\/www.gruppoamastra.it\/wp\/wp-content\/uploads\/2024\/06\/Lirio-150x150.jpg 150w\" sizes=\"auto, (max-width: 206px) 100vw, 206px\" \/>la canzone \u00e8 stata reinterpretata da molti artisti, mantenendo viva la sua potente espressione culturale. Anche il gruppo Amastra, nei suoi tour, ha contribuito a portare nel mondo questo meraviglioso brano avvalendosi di un tenore di straordinario talento, Liborio\u00a0Lutri, la cui interpretazione di \u201cVitti &#8216;na crozza\u201d cattura l\u2019essenza emotiva e la profondit\u00e0 culturale della canzone. La sua voce, potente e pura, si eleva con facilit\u00e0 attraverso le melodie malinconiche, trasportando l\u2019ascoltatore nelle verdi colline della Sicilia. Lirio (per gli amici) non solo canta bene; egli d\u00e0 nuova vita al brano, con una performance che risuona con passione e autenticit\u00e0. Ogni nota che Liborio intona \u00e8 un tributo alla ricca storia siciliana, un omaggio che riecheggia nelle anime di chi ascolta. \u00c8 un piacere ascoltarlo cantare, e la sua maestria nel tenere le note alte \u00e8 un vero regalo per gli amanti della musica tradizionale.<\/p>\n<\/div>\n<div class=\"ac-horizontal-separator\" aria-hidden=\"true\"><\/div>\n<\/div>\n<div class=\"ad-container\"><\/div>\n<\/div>\n","protected":false},"excerpt":{"rendered":"<p>\u201cVitti &#8216;na crozza\u201d \u00e8 una delle canzoni pi\u00f9 celebri della tradizione siciliana. Il titolo si traduce in \u201cVidi un teschio\u201d<\/p>\n","protected":false},"author":1,"featured_media":2079,"comment_status":"open","ping_status":"open","sticky":false,"template":"","format":"standard","meta":{"_jetpack_newsletter_access":"","_jetpack_dont_email_post_to_subs":false,"_jetpack_newsletter_tier_id":0,"_jetpack_memberships_contains_paywalled_content":false,"_glsr_average":0,"_glsr_ranking":0,"_glsr_reviews":0,"_jetpack_memberships_contains_paid_content":false,"footnotes":""},"categories":[253],"tags":[],"class_list":["post-2077","post","type-post","status-publish","format-standard","has-post-thumbnail","hentry","category-curiosita"],"yoast_head":"<!-- This site is optimized with the Yoast SEO plugin v28.3 - https:\/\/yoast.com\/product\/yoast-seo-wordpress\/ -->\n<title>&quot;Vitti &#039;na crozza&quot; - Gruppo Folcoristico &quot;AMASTRA&quot;<\/title>\n<meta name=\"robots\" content=\"index, follow, max-snippet:-1, max-image-preview:large, max-video-preview:-1\" \/>\n<link rel=\"canonical\" href=\"https:\/\/www.gruppoamastra.it\/wp\/blog\/2024\/06\/11\/vitti-na-crozza\/\" \/>\n<meta property=\"og:locale\" content=\"it_IT\" \/>\n<meta property=\"og:type\" content=\"article\" \/>\n<meta property=\"og:title\" content=\"&quot;Vitti &#039;na crozza&quot; - Gruppo Folcoristico &quot;AMASTRA&quot;\" \/>\n<meta property=\"og:description\" content=\"\u201cVitti &#8216;na crozza\u201d \u00e8 una delle canzoni pi\u00f9 celebri della tradizione siciliana. Il titolo si traduce in \u201cVidi un teschio\u201d\" \/>\n<meta property=\"og:url\" content=\"https:\/\/www.gruppoamastra.it\/wp\/blog\/2024\/06\/11\/vitti-na-crozza\/\" \/>\n<meta property=\"og:site_name\" content=\"Gruppo Folcoristico &quot;AMASTRA&quot;\" \/>\n<meta property=\"article:publisher\" content=\"https:\/\/www.facebook.com\/profile.php?id=100064420582276\" \/>\n<meta property=\"article:published_time\" content=\"2024-06-11T23:56:49+00:00\" \/>\n<meta property=\"article:modified_time\" content=\"2024-06-11T23:58:43+00:00\" \/>\n<meta property=\"og:image\" content=\"https:\/\/www.gruppoamastra.it\/wp\/wp-content\/uploads\/2024\/06\/disco.jpg\" \/>\n\t<meta property=\"og:image:width\" content=\"608\" \/>\n\t<meta property=\"og:image:height\" content=\"342\" \/>\n\t<meta property=\"og:image:type\" content=\"image\/jpeg\" \/>\n<meta name=\"author\" content=\"amastra\" \/>\n<meta name=\"twitter:card\" content=\"summary_large_image\" \/>\n<meta name=\"twitter:label1\" content=\"Scritto da\" \/>\n\t<meta name=\"twitter:data1\" content=\"amastra\" \/>\n\t<meta name=\"twitter:label2\" content=\"Tempo di lettura stimato\" \/>\n\t<meta name=\"twitter:data2\" content=\"2 minuti\" \/>\n<script type=\"application\/ld+json\" class=\"yoast-schema-graph\">{\"@context\":\"https:\\\/\\\/schema.org\",\"@graph\":[{\"@type\":\"Article\",\"@id\":\"https:\\\/\\\/www.gruppoamastra.it\\\/wp\\\/blog\\\/2024\\\/06\\\/11\\\/vitti-na-crozza\\\/#article\",\"isPartOf\":{\"@id\":\"https:\\\/\\\/www.gruppoamastra.it\\\/wp\\\/blog\\\/2024\\\/06\\\/11\\\/vitti-na-crozza\\\/\"},\"author\":{\"name\":\"amastra\",\"@id\":\"https:\\\/\\\/www.gruppoamastra.it\\\/wp\\\/#\\\/schema\\\/person\\\/4227bb60009ff86e0d11256876f0186a\"},\"headline\":\"&#8220;Vitti &#8216;na crozza&#8221;\",\"datePublished\":\"2024-06-11T23:56:49+00:00\",\"dateModified\":\"2024-06-11T23:58:43+00:00\",\"mainEntityOfPage\":{\"@id\":\"https:\\\/\\\/www.gruppoamastra.it\\\/wp\\\/blog\\\/2024\\\/06\\\/11\\\/vitti-na-crozza\\\/\"},\"wordCount\":328,\"commentCount\":0,\"publisher\":{\"@id\":\"https:\\\/\\\/www.gruppoamastra.it\\\/wp\\\/#organization\"},\"image\":{\"@id\":\"https:\\\/\\\/www.gruppoamastra.it\\\/wp\\\/blog\\\/2024\\\/06\\\/11\\\/vitti-na-crozza\\\/#primaryimage\"},\"thumbnailUrl\":\"https:\\\/\\\/www.gruppoamastra.it\\\/wp\\\/wp-content\\\/uploads\\\/2024\\\/06\\\/disco.jpg\",\"articleSection\":[\"Curiosit\u00e0\"],\"inLanguage\":\"it-IT\",\"potentialAction\":[{\"@type\":\"CommentAction\",\"name\":\"Comment\",\"target\":[\"https:\\\/\\\/www.gruppoamastra.it\\\/wp\\\/blog\\\/2024\\\/06\\\/11\\\/vitti-na-crozza\\\/#respond\"]}]},{\"@type\":\"WebPage\",\"@id\":\"https:\\\/\\\/www.gruppoamastra.it\\\/wp\\\/blog\\\/2024\\\/06\\\/11\\\/vitti-na-crozza\\\/\",\"url\":\"https:\\\/\\\/www.gruppoamastra.it\\\/wp\\\/blog\\\/2024\\\/06\\\/11\\\/vitti-na-crozza\\\/\",\"name\":\"\\\"Vitti 'na crozza\\\" - Gruppo Folcoristico &quot;AMASTRA&quot;\",\"isPartOf\":{\"@id\":\"https:\\\/\\\/www.gruppoamastra.it\\\/wp\\\/#website\"},\"primaryImageOfPage\":{\"@id\":\"https:\\\/\\\/www.gruppoamastra.it\\\/wp\\\/blog\\\/2024\\\/06\\\/11\\\/vitti-na-crozza\\\/#primaryimage\"},\"image\":{\"@id\":\"https:\\\/\\\/www.gruppoamastra.it\\\/wp\\\/blog\\\/2024\\\/06\\\/11\\\/vitti-na-crozza\\\/#primaryimage\"},\"thumbnailUrl\":\"https:\\\/\\\/www.gruppoamastra.it\\\/wp\\\/wp-content\\\/uploads\\\/2024\\\/06\\\/disco.jpg\",\"datePublished\":\"2024-06-11T23:56:49+00:00\",\"dateModified\":\"2024-06-11T23:58:43+00:00\",\"breadcrumb\":{\"@id\":\"https:\\\/\\\/www.gruppoamastra.it\\\/wp\\\/blog\\\/2024\\\/06\\\/11\\\/vitti-na-crozza\\\/#breadcrumb\"},\"inLanguage\":\"it-IT\",\"potentialAction\":[{\"@type\":\"ReadAction\",\"target\":[\"https:\\\/\\\/www.gruppoamastra.it\\\/wp\\\/blog\\\/2024\\\/06\\\/11\\\/vitti-na-crozza\\\/\"]}]},{\"@type\":\"ImageObject\",\"inLanguage\":\"it-IT\",\"@id\":\"https:\\\/\\\/www.gruppoamastra.it\\\/wp\\\/blog\\\/2024\\\/06\\\/11\\\/vitti-na-crozza\\\/#primaryimage\",\"url\":\"https:\\\/\\\/www.gruppoamastra.it\\\/wp\\\/wp-content\\\/uploads\\\/2024\\\/06\\\/disco.jpg\",\"contentUrl\":\"https:\\\/\\\/www.gruppoamastra.it\\\/wp\\\/wp-content\\\/uploads\\\/2024\\\/06\\\/disco.jpg\",\"width\":608,\"height\":342},{\"@type\":\"BreadcrumbList\",\"@id\":\"https:\\\/\\\/www.gruppoamastra.it\\\/wp\\\/blog\\\/2024\\\/06\\\/11\\\/vitti-na-crozza\\\/#breadcrumb\",\"itemListElement\":[{\"@type\":\"ListItem\",\"position\":1,\"name\":\"Home\",\"item\":\"https:\\\/\\\/www.gruppoamastra.it\\\/wp\\\/\"},{\"@type\":\"ListItem\",\"position\":2,\"name\":\"&#8220;Vitti &#8216;na crozza&#8221;\"}]},{\"@type\":\"WebSite\",\"@id\":\"https:\\\/\\\/www.gruppoamastra.it\\\/wp\\\/#website\",\"url\":\"https:\\\/\\\/www.gruppoamastra.it\\\/wp\\\/\",\"name\":\"Gruppo Folcoristico \\\"AMASTRA\\\"\",\"description\":\"Centro Studi e Ricerche di Tradizioni Canti e Balli Popolari\",\"publisher\":{\"@id\":\"https:\\\/\\\/www.gruppoamastra.it\\\/wp\\\/#organization\"},\"potentialAction\":[{\"@type\":\"SearchAction\",\"target\":{\"@type\":\"EntryPoint\",\"urlTemplate\":\"https:\\\/\\\/www.gruppoamastra.it\\\/wp\\\/?s={search_term_string}\"},\"query-input\":{\"@type\":\"PropertyValueSpecification\",\"valueRequired\":true,\"valueName\":\"search_term_string\"}}],\"inLanguage\":\"it-IT\"},{\"@type\":\"Organization\",\"@id\":\"https:\\\/\\\/www.gruppoamastra.it\\\/wp\\\/#organization\",\"name\":\"Gruppo Folcoristico \\\"AMASTRA\\\"\",\"url\":\"https:\\\/\\\/www.gruppoamastra.it\\\/wp\\\/\",\"logo\":{\"@type\":\"ImageObject\",\"inLanguage\":\"it-IT\",\"@id\":\"https:\\\/\\\/www.gruppoamastra.it\\\/wp\\\/#\\\/schema\\\/logo\\\/image\\\/\",\"url\":\"https:\\\/\\\/www.gruppoamastra.it\\\/wp\\\/wp-content\\\/uploads\\\/2024\\\/12\\\/1_colori.jpg\",\"contentUrl\":\"https:\\\/\\\/www.gruppoamastra.it\\\/wp\\\/wp-content\\\/uploads\\\/2024\\\/12\\\/1_colori.jpg\",\"width\":249,\"height\":238,\"caption\":\"Gruppo Folcoristico \\\"AMASTRA\\\"\"},\"image\":{\"@id\":\"https:\\\/\\\/www.gruppoamastra.it\\\/wp\\\/#\\\/schema\\\/logo\\\/image\\\/\"},\"sameAs\":[\"https:\\\/\\\/www.facebook.com\\\/profile.php?id=100064420582276\"]},{\"@type\":\"Person\",\"@id\":\"https:\\\/\\\/www.gruppoamastra.it\\\/wp\\\/#\\\/schema\\\/person\\\/4227bb60009ff86e0d11256876f0186a\",\"name\":\"amastra\",\"image\":{\"@type\":\"ImageObject\",\"inLanguage\":\"it-IT\",\"@id\":\"https:\\\/\\\/secure.gravatar.com\\\/avatar\\\/c4e30c67bc8c1c9f86f44464abed8bce9dfc681ccf1dbe35a147c2a4160e4691?s=96&d=mm&r=g\",\"url\":\"https:\\\/\\\/secure.gravatar.com\\\/avatar\\\/c4e30c67bc8c1c9f86f44464abed8bce9dfc681ccf1dbe35a147c2a4160e4691?s=96&d=mm&r=g\",\"contentUrl\":\"https:\\\/\\\/secure.gravatar.com\\\/avatar\\\/c4e30c67bc8c1c9f86f44464abed8bce9dfc681ccf1dbe35a147c2a4160e4691?s=96&d=mm&r=g\",\"caption\":\"amastra\"},\"sameAs\":[\"http:\\\/\\\/www.gruppoamastra.it\\\/wp\"],\"url\":\"https:\\\/\\\/www.gruppoamastra.it\\\/wp\\\/blog\\\/author\\\/amastra\\\/\"}]}<\/script>\n<!-- \/ Yoast SEO plugin. -->","yoast_head_json":{"title":"\"Vitti 'na crozza\" - Gruppo Folcoristico &quot;AMASTRA&quot;","robots":{"index":"index","follow":"follow","max-snippet":"max-snippet:-1","max-image-preview":"max-image-preview:large","max-video-preview":"max-video-preview:-1"},"canonical":"https:\/\/www.gruppoamastra.it\/wp\/blog\/2024\/06\/11\/vitti-na-crozza\/","og_locale":"it_IT","og_type":"article","og_title":"\"Vitti 'na crozza\" - Gruppo Folcoristico &quot;AMASTRA&quot;","og_description":"\u201cVitti &#8216;na crozza\u201d \u00e8 una delle canzoni pi\u00f9 celebri della tradizione siciliana. Il titolo si traduce in \u201cVidi un teschio\u201d","og_url":"https:\/\/www.gruppoamastra.it\/wp\/blog\/2024\/06\/11\/vitti-na-crozza\/","og_site_name":"Gruppo Folcoristico &quot;AMASTRA&quot;","article_publisher":"https:\/\/www.facebook.com\/profile.php?id=100064420582276","article_published_time":"2024-06-11T23:56:49+00:00","article_modified_time":"2024-06-11T23:58:43+00:00","og_image":[{"width":608,"height":342,"url":"https:\/\/www.gruppoamastra.it\/wp\/wp-content\/uploads\/2024\/06\/disco.jpg","type":"image\/jpeg"}],"author":"amastra","twitter_card":"summary_large_image","twitter_misc":{"Scritto da":"amastra","Tempo di lettura stimato":"2 minuti"},"schema":{"@context":"https:\/\/schema.org","@graph":[{"@type":"Article","@id":"https:\/\/www.gruppoamastra.it\/wp\/blog\/2024\/06\/11\/vitti-na-crozza\/#article","isPartOf":{"@id":"https:\/\/www.gruppoamastra.it\/wp\/blog\/2024\/06\/11\/vitti-na-crozza\/"},"author":{"name":"amastra","@id":"https:\/\/www.gruppoamastra.it\/wp\/#\/schema\/person\/4227bb60009ff86e0d11256876f0186a"},"headline":"&#8220;Vitti &#8216;na crozza&#8221;","datePublished":"2024-06-11T23:56:49+00:00","dateModified":"2024-06-11T23:58:43+00:00","mainEntityOfPage":{"@id":"https:\/\/www.gruppoamastra.it\/wp\/blog\/2024\/06\/11\/vitti-na-crozza\/"},"wordCount":328,"commentCount":0,"publisher":{"@id":"https:\/\/www.gruppoamastra.it\/wp\/#organization"},"image":{"@id":"https:\/\/www.gruppoamastra.it\/wp\/blog\/2024\/06\/11\/vitti-na-crozza\/#primaryimage"},"thumbnailUrl":"https:\/\/www.gruppoamastra.it\/wp\/wp-content\/uploads\/2024\/06\/disco.jpg","articleSection":["Curiosit\u00e0"],"inLanguage":"it-IT","potentialAction":[{"@type":"CommentAction","name":"Comment","target":["https:\/\/www.gruppoamastra.it\/wp\/blog\/2024\/06\/11\/vitti-na-crozza\/#respond"]}]},{"@type":"WebPage","@id":"https:\/\/www.gruppoamastra.it\/wp\/blog\/2024\/06\/11\/vitti-na-crozza\/","url":"https:\/\/www.gruppoamastra.it\/wp\/blog\/2024\/06\/11\/vitti-na-crozza\/","name":"\"Vitti 'na crozza\" - Gruppo Folcoristico &quot;AMASTRA&quot;","isPartOf":{"@id":"https:\/\/www.gruppoamastra.it\/wp\/#website"},"primaryImageOfPage":{"@id":"https:\/\/www.gruppoamastra.it\/wp\/blog\/2024\/06\/11\/vitti-na-crozza\/#primaryimage"},"image":{"@id":"https:\/\/www.gruppoamastra.it\/wp\/blog\/2024\/06\/11\/vitti-na-crozza\/#primaryimage"},"thumbnailUrl":"https:\/\/www.gruppoamastra.it\/wp\/wp-content\/uploads\/2024\/06\/disco.jpg","datePublished":"2024-06-11T23:56:49+00:00","dateModified":"2024-06-11T23:58:43+00:00","breadcrumb":{"@id":"https:\/\/www.gruppoamastra.it\/wp\/blog\/2024\/06\/11\/vitti-na-crozza\/#breadcrumb"},"inLanguage":"it-IT","potentialAction":[{"@type":"ReadAction","target":["https:\/\/www.gruppoamastra.it\/wp\/blog\/2024\/06\/11\/vitti-na-crozza\/"]}]},{"@type":"ImageObject","inLanguage":"it-IT","@id":"https:\/\/www.gruppoamastra.it\/wp\/blog\/2024\/06\/11\/vitti-na-crozza\/#primaryimage","url":"https:\/\/www.gruppoamastra.it\/wp\/wp-content\/uploads\/2024\/06\/disco.jpg","contentUrl":"https:\/\/www.gruppoamastra.it\/wp\/wp-content\/uploads\/2024\/06\/disco.jpg","width":608,"height":342},{"@type":"BreadcrumbList","@id":"https:\/\/www.gruppoamastra.it\/wp\/blog\/2024\/06\/11\/vitti-na-crozza\/#breadcrumb","itemListElement":[{"@type":"ListItem","position":1,"name":"Home","item":"https:\/\/www.gruppoamastra.it\/wp\/"},{"@type":"ListItem","position":2,"name":"&#8220;Vitti &#8216;na crozza&#8221;"}]},{"@type":"WebSite","@id":"https:\/\/www.gruppoamastra.it\/wp\/#website","url":"https:\/\/www.gruppoamastra.it\/wp\/","name":"Gruppo Folcoristico \"AMASTRA\"","description":"Centro Studi e Ricerche di Tradizioni Canti e Balli Popolari","publisher":{"@id":"https:\/\/www.gruppoamastra.it\/wp\/#organization"},"potentialAction":[{"@type":"SearchAction","target":{"@type":"EntryPoint","urlTemplate":"https:\/\/www.gruppoamastra.it\/wp\/?s={search_term_string}"},"query-input":{"@type":"PropertyValueSpecification","valueRequired":true,"valueName":"search_term_string"}}],"inLanguage":"it-IT"},{"@type":"Organization","@id":"https:\/\/www.gruppoamastra.it\/wp\/#organization","name":"Gruppo Folcoristico \"AMASTRA\"","url":"https:\/\/www.gruppoamastra.it\/wp\/","logo":{"@type":"ImageObject","inLanguage":"it-IT","@id":"https:\/\/www.gruppoamastra.it\/wp\/#\/schema\/logo\/image\/","url":"https:\/\/www.gruppoamastra.it\/wp\/wp-content\/uploads\/2024\/12\/1_colori.jpg","contentUrl":"https:\/\/www.gruppoamastra.it\/wp\/wp-content\/uploads\/2024\/12\/1_colori.jpg","width":249,"height":238,"caption":"Gruppo Folcoristico \"AMASTRA\""},"image":{"@id":"https:\/\/www.gruppoamastra.it\/wp\/#\/schema\/logo\/image\/"},"sameAs":["https:\/\/www.facebook.com\/profile.php?id=100064420582276"]},{"@type":"Person","@id":"https:\/\/www.gruppoamastra.it\/wp\/#\/schema\/person\/4227bb60009ff86e0d11256876f0186a","name":"amastra","image":{"@type":"ImageObject","inLanguage":"it-IT","@id":"https:\/\/secure.gravatar.com\/avatar\/c4e30c67bc8c1c9f86f44464abed8bce9dfc681ccf1dbe35a147c2a4160e4691?s=96&d=mm&r=g","url":"https:\/\/secure.gravatar.com\/avatar\/c4e30c67bc8c1c9f86f44464abed8bce9dfc681ccf1dbe35a147c2a4160e4691?s=96&d=mm&r=g","contentUrl":"https:\/\/secure.gravatar.com\/avatar\/c4e30c67bc8c1c9f86f44464abed8bce9dfc681ccf1dbe35a147c2a4160e4691?s=96&d=mm&r=g","caption":"amastra"},"sameAs":["http:\/\/www.gruppoamastra.it\/wp"],"url":"https:\/\/www.gruppoamastra.it\/wp\/blog\/author\/amastra\/"}]}},"jetpack-related-posts":[],"jetpack_sharing_enabled":true,"jetpack_likes_enabled":true,"jetpack_featured_media_url":"https:\/\/www.gruppoamastra.it\/wp\/wp-content\/uploads\/2024\/06\/disco.jpg","_links":{"self":[{"href":"https:\/\/www.gruppoamastra.it\/wp\/wp-json\/wp\/v2\/posts\/2077","targetHints":{"allow":["GET"]}}],"collection":[{"href":"https:\/\/www.gruppoamastra.it\/wp\/wp-json\/wp\/v2\/posts"}],"about":[{"href":"https:\/\/www.gruppoamastra.it\/wp\/wp-json\/wp\/v2\/types\/post"}],"author":[{"embeddable":true,"href":"https:\/\/www.gruppoamastra.it\/wp\/wp-json\/wp\/v2\/users\/1"}],"replies":[{"embeddable":true,"href":"https:\/\/www.gruppoamastra.it\/wp\/wp-json\/wp\/v2\/comments?post=2077"}],"version-history":[{"count":1,"href":"https:\/\/www.gruppoamastra.it\/wp\/wp-json\/wp\/v2\/posts\/2077\/revisions"}],"predecessor-version":[{"id":2080,"href":"https:\/\/www.gruppoamastra.it\/wp\/wp-json\/wp\/v2\/posts\/2077\/revisions\/2080"}],"wp:featuredmedia":[{"embeddable":true,"href":"https:\/\/www.gruppoamastra.it\/wp\/wp-json\/wp\/v2\/media\/2079"}],"wp:attachment":[{"href":"https:\/\/www.gruppoamastra.it\/wp\/wp-json\/wp\/v2\/media?parent=2077"}],"wp:term":[{"taxonomy":"category","embeddable":true,"href":"https:\/\/www.gruppoamastra.it\/wp\/wp-json\/wp\/v2\/categories?post=2077"},{"taxonomy":"post_tag","embeddable":true,"href":"https:\/\/www.gruppoamastra.it\/wp\/wp-json\/wp\/v2\/tags?post=2077"}],"curies":[{"name":"wp","href":"https:\/\/api.w.org\/{rel}","templated":true}]}}